{"id":8195,"date":"2022-10-07T13:17:14","date_gmt":"2022-10-07T10:17:14","guid":{"rendered":"https:\/\/sepa.org.tr\/?p=8195"},"modified":"2022-10-07T13:17:14","modified_gmt":"2022-10-07T10:17:14","slug":"sepa-will-participated-27th-eurasia-packaging-fair-12-15-october-2022","status":"publish","type":"post","link":"https:\/\/sepa.org.tr\/en\/sepa-will-participated-27th-eurasia-packaging-fair-12-15-october-2022\/","title":{"rendered":"SEPA will Participated 27th Eurasia Packaging Fair 12-15 October 2022"},"content":{"rendered":"<p>Dear All,<\/p>\n<p><strong>As Rigid Plastic Packaging Manufacturers Association, <\/strong>we will participated 27th Eurasia Packaging Fair which is the leading trade fair of packaging industry. <strong>\u00a0<\/strong><\/p>\n<p>We will be Hall- Foyer4 Stand : F4-2 with our ;<\/p>\n<p>&nbsp;<\/p>\n<p><a href=\"https:\/\/drive.google.com\/file\/d\/1mTieE1v3wFcD2Zkx-bchfC48fPqLueK-\/view\">SEPA Rigid Plastic Packaging Handbok &#8211; 2021<\/a><\/p>\n<p><a href=\"https:\/\/sepa.org.tr\/en\/sepa-export-guide-2022\/\">SEPA Export Guide \u2013 2022 <\/a><\/p>\n<p>SEPA Sustainability Report \u2013 2022 Our New Guide !<\/p>\n<p>&nbsp;<\/p>\n<p>Most of our members also will be ready as exhibitors in 27th International Packaging Industry Fair.<\/p>\n<p>We wish the 27th International Eurasia Packaging Fair to be a good start for all our stakeholders, exhibitors and visitors.<\/p>\n<p>&nbsp;<\/p>\n<p>Best Regards,<\/p>\n<p><img loading=\"lazy\" decoding=\"async\" class=\"alignnone size-full wp-image-8198\" src=\"https:\/\/sepa.org.tr\/wp-content\/uploads\/2022\/10\/ambalaj_imzaalti_en_SEPA.png\" alt=\"\" width=\"500\" height=\"154\" srcset=\"https:\/\/sepa.org.tr\/wp-content\/uploads\/2022\/10\/ambalaj_imzaalti_en_SEPA.png 500w, https:\/\/sepa.org.tr\/wp-content\/uploads\/2022\/10\/ambalaj_imzaalti_en_SEPA-300x92.png 300w\" sizes=\"auto, (max-width: 500px) 100vw, 500px\" \/><\/p>\n","protected":false},"excerpt":{"rendered":"<p>Dear All, As Rigid Plastic Packaging Manufacturers Association, we will participated 27th Eurasia Packaging Fair which is the leading trade fair of packaging industry. \u00a0 We will be Hall- Foyer4 Stand : F4-2 with our ; &nbsp; SEPA Rigid Plastic Packaging Handbok &#8211; 2021 SEPA Export Guide \u2013 2022 SEPA Sustainability Report \u2013 2022 Our [&hellip;]<\/p>\n","protected":false},"author":29,"featured_media":8196,"comment_status":"open","ping_status":"open","sticky":false,"template":"","format":"standard","meta":{"_acf_changed":false,"footnotes":""},"categories":[17],"tags":[723,318,104,568,103],"class_list":["post-8195","post","type-post","status-publish","format-standard","has-post-thumbnail","hentry","category-news","tag-fasr","tag-industry","tag-packaging-en","tag-plastic-en","tag-plastic-packaging-en"],"acf":[],"yoast_head":"<!-- This site is optimized with the Yoast SEO plugin v27.5 - https:\/\/yoast.com\/product\/yoast-seo-wordpress\/ -->\n<title>SEPA will Participated 27th Eurasia Packaging Fair 12-15 October 2022 - SEPA<\/title>\n<meta name=\"description\" content=\"SEPA will Participated 27th Eurasia Packaging Fair 12-15 October 2022, the leading packaging trade fair Turkey\" \/>\n<meta name=\"robots\" content=\"index, follow, max-snippet:-1, max-image-preview:large, max-video-preview:-1\" \/>\n<link rel=\"canonical\" href=\"https:\/\/sepa.org.tr\/en\/sepa-will-participated-27th-eurasia-packaging-fair-12-15-october-2022\/\" \/>\n<meta property=\"og:locale\" content=\"en_US\" \/>\n<meta property=\"og:type\" content=\"article\" \/>\n<meta property=\"og:title\" content=\"SEPA will Participated 27th Eurasia Packaging Fair 12-15 October 2022 - SEPA\" \/>\n<meta property=\"og:description\" content=\"SEPA will Participated 27th Eurasia Packaging Fair 12-15 October 2022, the leading packaging trade fair Turkey\" \/>\n<meta property=\"og:url\" content=\"https:\/\/sepa.org.tr\/en\/sepa-will-participated-27th-eurasia-packaging-fair-12-15-october-2022\/\" \/>\n<meta property=\"og:site_name\" content=\"SEPA\" \/>\n<meta property=\"article:published_time\" content=\"2022-10-07T10:17:14+00:00\" \/>\n<meta property=\"og:image\" content=\"https:\/\/sepa.org.tr\/wp-content\/uploads\/2022\/10\/web-ing.png\" \/>\n\t<meta property=\"og:image:width\" content=\"730\" \/>\n\t<meta property=\"og:image:height\" content=\"450\" \/>\n\t<meta property=\"og:image:type\" content=\"image\/png\" \/>\n<meta name=\"author\" content=\"SEPA Y\u00d6NET\u0130M\" \/>\n<meta name=\"twitter:card\" content=\"summary_large_image\" \/>\n<meta name=\"twitter:label1\" content=\"Written by\" \/>\n\t<meta name=\"twitter:data1\" content=\"SEPA Y\u00d6NET\u0130M\" \/>\n\t<meta name=\"twitter:label2\" content=\"Est. reading time\" \/>\n\t<meta name=\"twitter:data2\" content=\"1 minute\" \/>\n<script type=\"application\/ld+json\" class=\"yoast-schema-graph\">{\"@context\":\"https:\\\/\\\/schema.org\",\"@graph\":[{\"@type\":\"Article\",\"@id\":\"https:\\\/\\\/sepa.org.tr\\\/en\\\/sepa-will-participated-27th-eurasia-packaging-fair-12-15-october-2022\\\/#article\",\"isPartOf\":{\"@id\":\"https:\\\/\\\/sepa.org.tr\\\/en\\\/sepa-will-participated-27th-eurasia-packaging-fair-12-15-october-2022\\\/\"},\"author\":{\"name\":\"SEPA Y\u00d6NET\u0130M\",\"@id\":\"https:\\\/\\\/sepa.org.tr\\\/en\\\/#\\\/schema\\\/person\\\/c171410bf22a9ed3d0fe3383651658a5\"},\"headline\":\"SEPA will Participated 27th Eurasia Packaging Fair 12-15 October 2022\",\"datePublished\":\"2022-10-07T10:17:14+00:00\",\"mainEntityOfPage\":{\"@id\":\"https:\\\/\\\/sepa.org.tr\\\/en\\\/sepa-will-participated-27th-eurasia-packaging-fair-12-15-october-2022\\\/\"},\"wordCount\":99,\"commentCount\":0,\"image\":{\"@id\":\"https:\\\/\\\/sepa.org.tr\\\/en\\\/sepa-will-participated-27th-eurasia-packaging-fair-12-15-october-2022\\\/#primaryimage\"},\"thumbnailUrl\":\"https:\\\/\\\/sepa.org.tr\\\/wp-content\\\/uploads\\\/2022\\\/10\\\/web-ing.png\",\"keywords\":[\"fa\u015fr\",\"industry\",\"packaging\",\"plastic\",\"plastic packaging\"],\"articleSection\":[\"News\"],\"inLanguage\":\"en-US\",\"potentialAction\":[{\"@type\":\"CommentAction\",\"name\":\"Comment\",\"target\":[\"https:\\\/\\\/sepa.org.tr\\\/en\\\/sepa-will-participated-27th-eurasia-packaging-fair-12-15-october-2022\\\/#respond\"]}]},{\"@type\":\"WebPage\",\"@id\":\"https:\\\/\\\/sepa.org.tr\\\/en\\\/sepa-will-participated-27th-eurasia-packaging-fair-12-15-october-2022\\\/\",\"url\":\"https:\\\/\\\/sepa.org.tr\\\/en\\\/sepa-will-participated-27th-eurasia-packaging-fair-12-15-october-2022\\\/\",\"name\":\"SEPA will Participated 27th Eurasia Packaging Fair 12-15 October 2022 - SEPA\",\"isPartOf\":{\"@id\":\"https:\\\/\\\/sepa.org.tr\\\/en\\\/#website\"},\"primaryImageOfPage\":{\"@id\":\"https:\\\/\\\/sepa.org.tr\\\/en\\\/sepa-will-participated-27th-eurasia-packaging-fair-12-15-october-2022\\\/#primaryimage\"},\"image\":{\"@id\":\"https:\\\/\\\/sepa.org.tr\\\/en\\\/sepa-will-participated-27th-eurasia-packaging-fair-12-15-october-2022\\\/#primaryimage\"},\"thumbnailUrl\":\"https:\\\/\\\/sepa.org.tr\\\/wp-content\\\/uploads\\\/2022\\\/10\\\/web-ing.png\",\"datePublished\":\"2022-10-07T10:17:14+00:00\",\"author\":{\"@id\":\"https:\\\/\\\/sepa.org.tr\\\/en\\\/#\\\/schema\\\/person\\\/c171410bf22a9ed3d0fe3383651658a5\"},\"description\":\"SEPA will Participated 27th Eurasia Packaging Fair 12-15 October 2022, the leading packaging trade fair Turkey\",\"breadcrumb\":{\"@id\":\"https:\\\/\\\/sepa.org.tr\\\/en\\\/sepa-will-participated-27th-eurasia-packaging-fair-12-15-october-2022\\\/#breadcrumb\"},\"inLanguage\":\"en-US\",\"potentialAction\":[{\"@type\":\"ReadAction\",\"target\":[\"https:\\\/\\\/sepa.org.tr\\\/en\\\/sepa-will-participated-27th-eurasia-packaging-fair-12-15-october-2022\\\/\"]}]},{\"@type\":\"ImageObject\",\"inLanguage\":\"en-US\",\"@id\":\"https:\\\/\\\/sepa.org.tr\\\/en\\\/sepa-will-participated-27th-eurasia-packaging-fair-12-15-october-2022\\\/#primaryimage\",\"url\":\"https:\\\/\\\/sepa.org.tr\\\/wp-content\\\/uploads\\\/2022\\\/10\\\/web-ing.png\",\"contentUrl\":\"https:\\\/\\\/sepa.org.tr\\\/wp-content\\\/uploads\\\/2022\\\/10\\\/web-ing.png\",\"width\":730,\"height\":450},{\"@type\":\"BreadcrumbList\",\"@id\":\"https:\\\/\\\/sepa.org.tr\\\/en\\\/sepa-will-participated-27th-eurasia-packaging-fair-12-15-october-2022\\\/#breadcrumb\",\"itemListElement\":[{\"@type\":\"ListItem\",\"position\":1,\"name\":\"Ana sayfa\",\"item\":\"https:\\\/\\\/sepa.org.tr\\\/en\\\/\"},{\"@type\":\"ListItem\",\"position\":2,\"name\":\"SEPA will Participated 27th Eurasia Packaging Fair 12-15 October 2022\"}]},{\"@type\":\"WebSite\",\"@id\":\"https:\\\/\\\/sepa.org.tr\\\/en\\\/#website\",\"url\":\"https:\\\/\\\/sepa.org.tr\\\/en\\\/\",\"name\":\"SEPA\",\"description\":\"Sert Plastik Ambalaj Sanayicileri Derne\u011fi\",\"potentialAction\":[{\"@type\":\"SearchAction\",\"target\":{\"@type\":\"EntryPoint\",\"urlTemplate\":\"https:\\\/\\\/sepa.org.tr\\\/en\\\/?s={search_term_string}\"},\"query-input\":{\"@type\":\"PropertyValueSpecification\",\"valueRequired\":true,\"valueName\":\"search_term_string\"}}],\"inLanguage\":\"en-US\"},{\"@type\":\"Person\",\"@id\":\"https:\\\/\\\/sepa.org.tr\\\/en\\\/#\\\/schema\\\/person\\\/c171410bf22a9ed3d0fe3383651658a5\",\"name\":\"SEPA Y\u00d6NET\u0130M\",\"image\":{\"@type\":\"ImageObject\",\"inLanguage\":\"en-US\",\"@id\":\"https:\\\/\\\/secure.gravatar.com\\\/avatar\\\/88556778519b99e1ea89da5aafb153432852b64496d84058ffec5192a70f87ef?s=96&d=mm&r=g\",\"url\":\"https:\\\/\\\/secure.gravatar.com\\\/avatar\\\/88556778519b99e1ea89da5aafb153432852b64496d84058ffec5192a70f87ef?s=96&d=mm&r=g\",\"contentUrl\":\"https:\\\/\\\/secure.gravatar.com\\\/avatar\\\/88556778519b99e1ea89da5aafb153432852b64496d84058ffec5192a70f87ef?s=96&d=mm&r=g\",\"caption\":\"SEPA Y\u00d6NET\u0130M\"}}]}<\/script>\n<!-- \/ Yoast SEO plugin. -->","yoast_head_json":{"title":"SEPA will Participated 27th Eurasia Packaging Fair 12-15 October 2022 - SEPA","description":"SEPA will Participated 27th Eurasia Packaging Fair 12-15 October 2022, the leading packaging trade fair Turkey","robots":{"index":"index","follow":"follow","max-snippet":"max-snippet:-1","max-image-preview":"max-image-preview:large","max-video-preview":"max-video-preview:-1"},"canonical":"https:\/\/sepa.org.tr\/en\/sepa-will-participated-27th-eurasia-packaging-fair-12-15-october-2022\/","og_locale":"en_US","og_type":"article","og_title":"SEPA will Participated 27th Eurasia Packaging Fair 12-15 October 2022 - SEPA","og_description":"SEPA will Participated 27th Eurasia Packaging Fair 12-15 October 2022, the leading packaging trade fair Turkey","og_url":"https:\/\/sepa.org.tr\/en\/sepa-will-participated-27th-eurasia-packaging-fair-12-15-october-2022\/","og_site_name":"SEPA","article_published_time":"2022-10-07T10:17:14+00:00","og_image":[{"width":730,"height":450,"url":"https:\/\/sepa.org.tr\/wp-content\/uploads\/2022\/10\/web-ing.png","type":"image\/png"}],"author":"SEPA Y\u00d6NET\u0130M","twitter_card":"summary_large_image","twitter_misc":{"Written by":"SEPA Y\u00d6NET\u0130M","Est. reading time":"1 minute"},"schema":{"@context":"https:\/\/schema.org","@graph":[{"@type":"Article","@id":"https:\/\/sepa.org.tr\/en\/sepa-will-participated-27th-eurasia-packaging-fair-12-15-october-2022\/#article","isPartOf":{"@id":"https:\/\/sepa.org.tr\/en\/sepa-will-participated-27th-eurasia-packaging-fair-12-15-october-2022\/"},"author":{"name":"SEPA Y\u00d6NET\u0130M","@id":"https:\/\/sepa.org.tr\/en\/#\/schema\/person\/c171410bf22a9ed3d0fe3383651658a5"},"headline":"SEPA will Participated 27th Eurasia Packaging Fair 12-15 October 2022","datePublished":"2022-10-07T10:17:14+00:00","mainEntityOfPage":{"@id":"https:\/\/sepa.org.tr\/en\/sepa-will-participated-27th-eurasia-packaging-fair-12-15-october-2022\/"},"wordCount":99,"commentCount":0,"image":{"@id":"https:\/\/sepa.org.tr\/en\/sepa-will-participated-27th-eurasia-packaging-fair-12-15-october-2022\/#primaryimage"},"thumbnailUrl":"https:\/\/sepa.org.tr\/wp-content\/uploads\/2022\/10\/web-ing.png","keywords":["fa\u015fr","industry","packaging","plastic","plastic packaging"],"articleSection":["News"],"inLanguage":"en-US","potentialAction":[{"@type":"CommentAction","name":"Comment","target":["https:\/\/sepa.org.tr\/en\/sepa-will-participated-27th-eurasia-packaging-fair-12-15-october-2022\/#respond"]}]},{"@type":"WebPage","@id":"https:\/\/sepa.org.tr\/en\/sepa-will-participated-27th-eurasia-packaging-fair-12-15-october-2022\/","url":"https:\/\/sepa.org.tr\/en\/sepa-will-participated-27th-eurasia-packaging-fair-12-15-october-2022\/","name":"SEPA will Participated 27th Eurasia Packaging Fair 12-15 October 2022 - SEPA","isPartOf":{"@id":"https:\/\/sepa.org.tr\/en\/#website"},"primaryImageOfPage":{"@id":"https:\/\/sepa.org.tr\/en\/sepa-will-participated-27th-eurasia-packaging-fair-12-15-october-2022\/#primaryimage"},"image":{"@id":"https:\/\/sepa.org.tr\/en\/sepa-will-participated-27th-eurasia-packaging-fair-12-15-october-2022\/#primaryimage"},"thumbnailUrl":"https:\/\/sepa.org.tr\/wp-content\/uploads\/2022\/10\/web-ing.png","datePublished":"2022-10-07T10:17:14+00:00","author":{"@id":"https:\/\/sepa.org.tr\/en\/#\/schema\/person\/c171410bf22a9ed3d0fe3383651658a5"},"description":"SEPA will Participated 27th Eurasia Packaging Fair 12-15 October 2022, the leading packaging trade fair Turkey","breadcrumb":{"@id":"https:\/\/sepa.org.tr\/en\/sepa-will-participated-27th-eurasia-packaging-fair-12-15-october-2022\/#breadcrumb"},"inLanguage":"en-US","potentialAction":[{"@type":"ReadAction","target":["https:\/\/sepa.org.tr\/en\/sepa-will-participated-27th-eurasia-packaging-fair-12-15-october-2022\/"]}]},{"@type":"ImageObject","inLanguage":"en-US","@id":"https:\/\/sepa.org.tr\/en\/sepa-will-participated-27th-eurasia-packaging-fair-12-15-october-2022\/#primaryimage","url":"https:\/\/sepa.org.tr\/wp-content\/uploads\/2022\/10\/web-ing.png","contentUrl":"https:\/\/sepa.org.tr\/wp-content\/uploads\/2022\/10\/web-ing.png","width":730,"height":450},{"@type":"BreadcrumbList","@id":"https:\/\/sepa.org.tr\/en\/sepa-will-participated-27th-eurasia-packaging-fair-12-15-october-2022\/#breadcrumb","itemListElement":[{"@type":"ListItem","position":1,"name":"Ana sayfa","item":"https:\/\/sepa.org.tr\/en\/"},{"@type":"ListItem","position":2,"name":"SEPA will Participated 27th Eurasia Packaging Fair 12-15 October 2022"}]},{"@type":"WebSite","@id":"https:\/\/sepa.org.tr\/en\/#website","url":"https:\/\/sepa.org.tr\/en\/","name":"SEPA","description":"Sert Plastik Ambalaj Sanayicileri Derne\u011fi","potentialAction":[{"@type":"SearchAction","target":{"@type":"EntryPoint","urlTemplate":"https:\/\/sepa.org.tr\/en\/?s={search_term_string}"},"query-input":{"@type":"PropertyValueSpecification","valueRequired":true,"valueName":"search_term_string"}}],"inLanguage":"en-US"},{"@type":"Person","@id":"https:\/\/sepa.org.tr\/en\/#\/schema\/person\/c171410bf22a9ed3d0fe3383651658a5","name":"SEPA Y\u00d6NET\u0130M","image":{"@type":"ImageObject","inLanguage":"en-US","@id":"https:\/\/secure.gravatar.com\/avatar\/88556778519b99e1ea89da5aafb153432852b64496d84058ffec5192a70f87ef?s=96&d=mm&r=g","url":"https:\/\/secure.gravatar.com\/avatar\/88556778519b99e1ea89da5aafb153432852b64496d84058ffec5192a70f87ef?s=96&d=mm&r=g","contentUrl":"https:\/\/secure.gravatar.com\/avatar\/88556778519b99e1ea89da5aafb153432852b64496d84058ffec5192a70f87ef?s=96&d=mm&r=g","caption":"SEPA Y\u00d6NET\u0130M"}}]}},"_links":{"self":[{"href":"https:\/\/sepa.org.tr\/en\/wp-json\/wp\/v2\/posts\/8195","targetHints":{"allow":["GET"]}}],"collection":[{"href":"https:\/\/sepa.org.tr\/en\/wp-json\/wp\/v2\/posts"}],"about":[{"href":"https:\/\/sepa.org.tr\/en\/wp-json\/wp\/v2\/types\/post"}],"author":[{"embeddable":true,"href":"https:\/\/sepa.org.tr\/en\/wp-json\/wp\/v2\/users\/29"}],"replies":[{"embeddable":true,"href":"https:\/\/sepa.org.tr\/en\/wp-json\/wp\/v2\/comments?post=8195"}],"version-history":[{"count":1,"href":"https:\/\/sepa.org.tr\/en\/wp-json\/wp\/v2\/posts\/8195\/revisions"}],"predecessor-version":[{"id":8200,"href":"https:\/\/sepa.org.tr\/en\/wp-json\/wp\/v2\/posts\/8195\/revisions\/8200"}],"wp:featuredmedia":[{"embeddable":true,"href":"https:\/\/sepa.org.tr\/en\/wp-json\/wp\/v2\/media\/8196"}],"wp:attachment":[{"href":"https:\/\/sepa.org.tr\/en\/wp-json\/wp\/v2\/media?parent=8195"}],"wp:term":[{"taxonomy":"category","embeddable":true,"href":"https:\/\/sepa.org.tr\/en\/wp-json\/wp\/v2\/categories?post=8195"},{"taxonomy":"post_tag","embeddable":true,"href":"https:\/\/sepa.org.tr\/en\/wp-json\/wp\/v2\/tags?post=8195"}],"curies":[{"name":"wp","href":"https:\/\/api.w.org\/{rel}","templated":true}]}}