{"id":6391,"date":"2021-12-09T13:13:39","date_gmt":"2021-12-09T10:13:39","guid":{"rendered":"https:\/\/sepa.org.tr\/?p=6391"},"modified":"2022-03-11T13:14:16","modified_gmt":"2022-03-11T10:14:16","slug":"sepa-members-decided-to-continue-with-the-management-of-mr-hakan-ozhuy","status":"publish","type":"post","link":"https:\/\/sepa.org.tr\/en\/sepa-members-decided-to-continue-with-the-management-of-mr-hakan-ozhuy\/","title":{"rendered":"SEPA Members Decided To Continue With The Management of Mr. Hakan \u00d6zhuy"},"content":{"rendered":"<p>Members of Rigid Plastic Packaging Manufacturers (SEPA) decided to continue with the management of Mr. Hakan \u00d6zhuy who is Vice Chairman of Jokey Turkey Ambalaj A\u015e. during 2022 and 2023.<\/p>\n<p>The Rigid Plastic Packaging Manufacturers Association (SEPA) completed 9th management period with Chairman Mr. Mustafa K\u0131nac\u0131 on December 8, 2021. At this period, Rigid Plastic Packaging Manufacturers Association (SEPA) focused responsible and sustainable production with high environmental perception, to increase our sector\u2019s contribution to Sustainable Development Goals and increase the number of rigid plastic packaging manufacturers who continue to work under the SEPA.<\/p>\n<p>In the new period between 2022 and 2023, SEPA will decided to continue with management of Mr. Hakan \u00d6zhuy as Chairman of the board. Mr. Mustafa K\u0131nac\u0131 will be Deputy Chairman of the Board, Mr. Ali F\u0131rat \u00d6zadam will be Treasurer of the Board, Mr. Emre Cano\u011flu, Mrs. G\u00fcl\u015fen Turan K\u00f6k and Mr. Hakan Dirgeme will be Members of the Board.<\/p>\n<p>The management parameters will be sustainable and responsible production with the perspective of European Green Deal, increasing the export capacity of rigid plastic packaging sector, strengthening of supply chain and increasing the technical capacity of our human resources.<\/p>\n<p>The whole management list of our Association (SEPA) in the 10 th management period as follow ;<\/p>\n<p><strong>2021 \u2013 2023 BOARD MEMBERS<\/strong><\/p>\n<p><span style=\"text-decoration: underline\">MEMBERS OF THE BOARD<\/span><\/p>\n<p>Jokey Turkey Ambalaj Sanayi A.\u015e.\u00a0 &#8211; Hakan \u00d6ZHUY<\/p>\n<p>Serdar Plastik ve Ambalaj Sanayi A.\u015e. &#8211; Mustafa KINACI<\/p>\n<p>\u00d6zler Plastik Sanayi ve Ticaret A.\u015e. &#8211; Ali F\u0131rat \u00d6ZADAM<\/p>\n<p>Turan Plastik Sanayi ve Ticaret A\u015e. &#8211; G\u00fcl\u015fen Turan K\u00d6K<\/p>\n<p>Alpla Plastik Sanayi ve Ticaret LTD. \u015eT\u0130. &#8211; Emre CANO\u011eLU<\/p>\n<p>Beno Plastik Ambalaj ve Kal\u0131p Sanayi Ticaret LTD. \u015eT\u0130. &#8211; Hakan D\u0130RGEME<\/p>\n<p><span style=\"text-decoration: underline\">SUBSTITUTE MEMBERS OF THE BOARD<\/span><\/p>\n<p>Deren Ambalaj Sanayi ve T\u0130C. A.\u015e. &#8211; Zeki LEV\u0130<\/p>\n<p>Pla\u015f Plastik Ambalaj Sanayi ve T\u0130C. A.\u015e. &#8211; Osman ACUN<\/p>\n<p>Paccor Turkey Ambalaj Sanayi A.\u015e. &#8211; \u00dcmid K\u00dc\u00c7\u00dcK<\/p>\n<p>Akay Stand Pazarlama ve Sanayi LTD. \u015eT\u0130. &#8211; Yusuf PALA<\/p>\n<p>\u00d6zler Plastik Sanayi ve Ticaret A.\u015e. &#8211; Murat \u00d6ZADAM<\/p>\n<p>Bericap T\u00fcrkiye Kapak Sanayi LTD. \u015eT\u0130. &#8211; Ali O\u011fuz BURSALI<\/p>\n<p><strong>2021 \u2013 2023 AUDIT BOARD MEMBERS<\/strong><\/p>\n<p><span style=\"text-decoration: underline\">MEMBERS OF THE SUPERVISORY BOARD<\/span><\/p>\n<p>G\u00f6rsel Plastik Ambalaj\u00a0 Sanayi ve Ticaret A.\u015e. &#8211; Ayd\u0131n A\u011eAO\u011eLU<\/p>\n<p>Sarten Ambalaj Sanayi ve Ticaret A.\u015e. &#8211; Mustafa Zeki SARIBEK\u0130R<\/p>\n<p>Oba Plastik Kimya ve G\u0131da Sanayi LTD. \u015eT\u0130. &#8211; Hakan YARAR<\/p>\n<p><span style=\"text-decoration: underline\">SUBSTITUTE MEMBERS OF THE SUPERVISORY BOARD<\/span><\/p>\n<p>Ase Plastik Sanayi ve Ticaret LTD. \u015eT\u0130 &#8211;\u00a0 Sabri Emir K\u00d6YL\u00dcO\u011eLU<\/p>\n<p>Greiner Ambalaj Sanayi ve Ticaret A.\u015e. &#8211; Hakan AYDIN<\/p>\n<p>Kl\u00f6ckner Pentaplast Gebze Ambalaj Sanayi Ticaret A.\u015e. &#8211; Ayhan Kurt KURU\u00c7<\/p>\n<p>Best Regards,<\/p>\n","protected":false},"excerpt":{"rendered":"<p>Members of Rigid Plastic Packaging Manufacturers (SEPA) decided to continue with the management of Mr. Hakan \u00d6zhuy who is Vice Chairman of Jokey Turkey Ambalaj A\u015e. during 2022 and 2023. The Rigid Plastic Packaging Manufacturers Association (SEPA) completed 9th management period with Chairman Mr. Mustafa K\u0131nac\u0131 on December 8, 2021. At this period, Rigid Plastic [&hellip;]<\/p>\n","protected":false},"author":29,"featured_media":6092,"comment_status":"open","ping_status":"open","sticky":false,"template":"","format":"standard","meta":{"_acf_changed":false,"footnotes":""},"categories":[17],"tags":[569,104,103,102,101],"class_list":["post-6391","post","type-post","status-publish","format-standard","has-post-thumbnail","hentry","category-news","tag-board-member","tag-packaging-en","tag-plastic-packaging-en","tag-rigid-plastic-packaging-en","tag-sepa-en"],"acf":[],"yoast_head":"<!-- This site is optimized with the Yoast SEO plugin v27.5 - https:\/\/yoast.com\/product\/yoast-seo-wordpress\/ -->\n<title>SEPA Members Decided To Continue With The Management of Mr. Hakan \u00d6zhuy - SEPA<\/title>\n<meta name=\"description\" content=\"SEPA Decided to Continue with Management of Mr. Hakan \u00d6zhuy, the clues of Rigid Plastic Packaging Manufacturers in the new management period\" \/>\n<meta name=\"robots\" content=\"index, follow, max-snippet:-1, max-image-preview:large, max-video-preview:-1\" \/>\n<link rel=\"canonical\" href=\"https:\/\/sepa.org.tr\/en\/sepa-members-decided-to-continue-with-the-management-of-mr-hakan-ozhuy\/\" \/>\n<meta property=\"og:locale\" content=\"en_US\" \/>\n<meta property=\"og:type\" content=\"article\" \/>\n<meta property=\"og:title\" content=\"SEPA Members Decided To Continue With The Management of Mr. Hakan \u00d6zhuy - SEPA\" \/>\n<meta property=\"og:description\" content=\"SEPA Decided to Continue with Management of Mr. Hakan \u00d6zhuy, the clues of Rigid Plastic Packaging Manufacturers in the new management period\" \/>\n<meta property=\"og:url\" content=\"https:\/\/sepa.org.tr\/en\/sepa-members-decided-to-continue-with-the-management-of-mr-hakan-ozhuy\/\" \/>\n<meta property=\"og:site_name\" content=\"SEPA\" \/>\n<meta property=\"article:published_time\" content=\"2021-12-09T10:13:39+00:00\" \/>\n<meta property=\"article:modified_time\" content=\"2022-03-11T10:14:16+00:00\" \/>\n<meta property=\"og:image\" content=\"https:\/\/sepa.org.tr\/wp-content\/uploads\/2021\/12\/IMG_20211208_123904.jpg\" \/>\n\t<meta property=\"og:image:width\" content=\"730\" \/>\n\t<meta property=\"og:image:height\" content=\"460\" \/>\n\t<meta property=\"og:image:type\" content=\"image\/jpeg\" \/>\n<meta name=\"author\" content=\"SEPA Y\u00d6NET\u0130M\" \/>\n<meta name=\"twitter:card\" content=\"summary_large_image\" \/>\n<meta name=\"twitter:label1\" content=\"Written by\" \/>\n\t<meta name=\"twitter:data1\" content=\"SEPA Y\u00d6NET\u0130M\" \/>\n\t<meta name=\"twitter:label2\" content=\"Est. reading time\" \/>\n\t<meta name=\"twitter:data2\" content=\"2 minutes\" \/>\n<script type=\"application\/ld+json\" class=\"yoast-schema-graph\">{\"@context\":\"https:\\\/\\\/schema.org\",\"@graph\":[{\"@type\":\"Article\",\"@id\":\"https:\\\/\\\/sepa.org.tr\\\/en\\\/sepa-members-decided-to-continue-with-the-management-of-mr-hakan-ozhuy\\\/#article\",\"isPartOf\":{\"@id\":\"https:\\\/\\\/sepa.org.tr\\\/en\\\/sepa-members-decided-to-continue-with-the-management-of-mr-hakan-ozhuy\\\/\"},\"author\":{\"name\":\"SEPA Y\u00d6NET\u0130M\",\"@id\":\"https:\\\/\\\/sepa.org.tr\\\/en\\\/#\\\/schema\\\/person\\\/c171410bf22a9ed3d0fe3383651658a5\"},\"headline\":\"SEPA Members Decided To Continue With The Management of Mr. Hakan \u00d6zhuy\",\"datePublished\":\"2021-12-09T10:13:39+00:00\",\"dateModified\":\"2022-03-11T10:14:16+00:00\",\"mainEntityOfPage\":{\"@id\":\"https:\\\/\\\/sepa.org.tr\\\/en\\\/sepa-members-decided-to-continue-with-the-management-of-mr-hakan-ozhuy\\\/\"},\"wordCount\":447,\"commentCount\":0,\"image\":{\"@id\":\"https:\\\/\\\/sepa.org.tr\\\/en\\\/sepa-members-decided-to-continue-with-the-management-of-mr-hakan-ozhuy\\\/#primaryimage\"},\"thumbnailUrl\":\"https:\\\/\\\/sepa.org.tr\\\/wp-content\\\/uploads\\\/2021\\\/12\\\/IMG_20211208_123904.jpg\",\"keywords\":[\"Board Member\",\"packaging\",\"plastic packaging\",\"rigid plastic packaging\",\"sepa\"],\"articleSection\":[\"News\"],\"inLanguage\":\"en-US\",\"potentialAction\":[{\"@type\":\"CommentAction\",\"name\":\"Comment\",\"target\":[\"https:\\\/\\\/sepa.org.tr\\\/en\\\/sepa-members-decided-to-continue-with-the-management-of-mr-hakan-ozhuy\\\/#respond\"]}]},{\"@type\":\"WebPage\",\"@id\":\"https:\\\/\\\/sepa.org.tr\\\/en\\\/sepa-members-decided-to-continue-with-the-management-of-mr-hakan-ozhuy\\\/\",\"url\":\"https:\\\/\\\/sepa.org.tr\\\/en\\\/sepa-members-decided-to-continue-with-the-management-of-mr-hakan-ozhuy\\\/\",\"name\":\"SEPA Members Decided To Continue With The Management of Mr. Hakan \u00d6zhuy - SEPA\",\"isPartOf\":{\"@id\":\"https:\\\/\\\/sepa.org.tr\\\/en\\\/#website\"},\"primaryImageOfPage\":{\"@id\":\"https:\\\/\\\/sepa.org.tr\\\/en\\\/sepa-members-decided-to-continue-with-the-management-of-mr-hakan-ozhuy\\\/#primaryimage\"},\"image\":{\"@id\":\"https:\\\/\\\/sepa.org.tr\\\/en\\\/sepa-members-decided-to-continue-with-the-management-of-mr-hakan-ozhuy\\\/#primaryimage\"},\"thumbnailUrl\":\"https:\\\/\\\/sepa.org.tr\\\/wp-content\\\/uploads\\\/2021\\\/12\\\/IMG_20211208_123904.jpg\",\"datePublished\":\"2021-12-09T10:13:39+00:00\",\"dateModified\":\"2022-03-11T10:14:16+00:00\",\"author\":{\"@id\":\"https:\\\/\\\/sepa.org.tr\\\/en\\\/#\\\/schema\\\/person\\\/c171410bf22a9ed3d0fe3383651658a5\"},\"description\":\"SEPA Decided to Continue with Management of Mr. Hakan \u00d6zhuy, the clues of Rigid Plastic Packaging Manufacturers in the new management period\",\"breadcrumb\":{\"@id\":\"https:\\\/\\\/sepa.org.tr\\\/en\\\/sepa-members-decided-to-continue-with-the-management-of-mr-hakan-ozhuy\\\/#breadcrumb\"},\"inLanguage\":\"en-US\",\"potentialAction\":[{\"@type\":\"ReadAction\",\"target\":[\"https:\\\/\\\/sepa.org.tr\\\/en\\\/sepa-members-decided-to-continue-with-the-management-of-mr-hakan-ozhuy\\\/\"]}]},{\"@type\":\"ImageObject\",\"inLanguage\":\"en-US\",\"@id\":\"https:\\\/\\\/sepa.org.tr\\\/en\\\/sepa-members-decided-to-continue-with-the-management-of-mr-hakan-ozhuy\\\/#primaryimage\",\"url\":\"https:\\\/\\\/sepa.org.tr\\\/wp-content\\\/uploads\\\/2021\\\/12\\\/IMG_20211208_123904.jpg\",\"contentUrl\":\"https:\\\/\\\/sepa.org.tr\\\/wp-content\\\/uploads\\\/2021\\\/12\\\/IMG_20211208_123904.jpg\",\"width\":730,\"height\":460},{\"@type\":\"BreadcrumbList\",\"@id\":\"https:\\\/\\\/sepa.org.tr\\\/en\\\/sepa-members-decided-to-continue-with-the-management-of-mr-hakan-ozhuy\\\/#breadcrumb\",\"itemListElement\":[{\"@type\":\"ListItem\",\"position\":1,\"name\":\"Ana sayfa\",\"item\":\"https:\\\/\\\/sepa.org.tr\\\/en\\\/\"},{\"@type\":\"ListItem\",\"position\":2,\"name\":\"SEPA Members Decided To Continue With The Management of Mr. Hakan \u00d6zhuy\"}]},{\"@type\":\"WebSite\",\"@id\":\"https:\\\/\\\/sepa.org.tr\\\/en\\\/#website\",\"url\":\"https:\\\/\\\/sepa.org.tr\\\/en\\\/\",\"name\":\"SEPA\",\"description\":\"Sert Plastik Ambalaj Sanayicileri Derne\u011fi\",\"potentialAction\":[{\"@type\":\"SearchAction\",\"target\":{\"@type\":\"EntryPoint\",\"urlTemplate\":\"https:\\\/\\\/sepa.org.tr\\\/en\\\/?s={search_term_string}\"},\"query-input\":{\"@type\":\"PropertyValueSpecification\",\"valueRequired\":true,\"valueName\":\"search_term_string\"}}],\"inLanguage\":\"en-US\"},{\"@type\":\"Person\",\"@id\":\"https:\\\/\\\/sepa.org.tr\\\/en\\\/#\\\/schema\\\/person\\\/c171410bf22a9ed3d0fe3383651658a5\",\"name\":\"SEPA Y\u00d6NET\u0130M\",\"image\":{\"@type\":\"ImageObject\",\"inLanguage\":\"en-US\",\"@id\":\"https:\\\/\\\/secure.gravatar.com\\\/avatar\\\/88556778519b99e1ea89da5aafb153432852b64496d84058ffec5192a70f87ef?s=96&d=mm&r=g\",\"url\":\"https:\\\/\\\/secure.gravatar.com\\\/avatar\\\/88556778519b99e1ea89da5aafb153432852b64496d84058ffec5192a70f87ef?s=96&d=mm&r=g\",\"contentUrl\":\"https:\\\/\\\/secure.gravatar.com\\\/avatar\\\/88556778519b99e1ea89da5aafb153432852b64496d84058ffec5192a70f87ef?s=96&d=mm&r=g\",\"caption\":\"SEPA Y\u00d6NET\u0130M\"}}]}<\/script>\n<!-- \/ Yoast SEO plugin. -->","yoast_head_json":{"title":"SEPA Members Decided To Continue With The Management of Mr. Hakan \u00d6zhuy - SEPA","description":"SEPA Decided to Continue with Management of Mr. Hakan \u00d6zhuy, the clues of Rigid Plastic Packaging Manufacturers in the new management period","robots":{"index":"index","follow":"follow","max-snippet":"max-snippet:-1","max-image-preview":"max-image-preview:large","max-video-preview":"max-video-preview:-1"},"canonical":"https:\/\/sepa.org.tr\/en\/sepa-members-decided-to-continue-with-the-management-of-mr-hakan-ozhuy\/","og_locale":"en_US","og_type":"article","og_title":"SEPA Members Decided To Continue With The Management of Mr. Hakan \u00d6zhuy - SEPA","og_description":"SEPA Decided to Continue with Management of Mr. Hakan \u00d6zhuy, the clues of Rigid Plastic Packaging Manufacturers in the new management period","og_url":"https:\/\/sepa.org.tr\/en\/sepa-members-decided-to-continue-with-the-management-of-mr-hakan-ozhuy\/","og_site_name":"SEPA","article_published_time":"2021-12-09T10:13:39+00:00","article_modified_time":"2022-03-11T10:14:16+00:00","og_image":[{"width":730,"height":460,"url":"https:\/\/sepa.org.tr\/wp-content\/uploads\/2021\/12\/IMG_20211208_123904.jpg","type":"image\/jpeg"}],"author":"SEPA Y\u00d6NET\u0130M","twitter_card":"summary_large_image","twitter_misc":{"Written by":"SEPA Y\u00d6NET\u0130M","Est. reading time":"2 minutes"},"schema":{"@context":"https:\/\/schema.org","@graph":[{"@type":"Article","@id":"https:\/\/sepa.org.tr\/en\/sepa-members-decided-to-continue-with-the-management-of-mr-hakan-ozhuy\/#article","isPartOf":{"@id":"https:\/\/sepa.org.tr\/en\/sepa-members-decided-to-continue-with-the-management-of-mr-hakan-ozhuy\/"},"author":{"name":"SEPA Y\u00d6NET\u0130M","@id":"https:\/\/sepa.org.tr\/en\/#\/schema\/person\/c171410bf22a9ed3d0fe3383651658a5"},"headline":"SEPA Members Decided To Continue With The Management of Mr. Hakan \u00d6zhuy","datePublished":"2021-12-09T10:13:39+00:00","dateModified":"2022-03-11T10:14:16+00:00","mainEntityOfPage":{"@id":"https:\/\/sepa.org.tr\/en\/sepa-members-decided-to-continue-with-the-management-of-mr-hakan-ozhuy\/"},"wordCount":447,"commentCount":0,"image":{"@id":"https:\/\/sepa.org.tr\/en\/sepa-members-decided-to-continue-with-the-management-of-mr-hakan-ozhuy\/#primaryimage"},"thumbnailUrl":"https:\/\/sepa.org.tr\/wp-content\/uploads\/2021\/12\/IMG_20211208_123904.jpg","keywords":["Board Member","packaging","plastic packaging","rigid plastic packaging","sepa"],"articleSection":["News"],"inLanguage":"en-US","potentialAction":[{"@type":"CommentAction","name":"Comment","target":["https:\/\/sepa.org.tr\/en\/sepa-members-decided-to-continue-with-the-management-of-mr-hakan-ozhuy\/#respond"]}]},{"@type":"WebPage","@id":"https:\/\/sepa.org.tr\/en\/sepa-members-decided-to-continue-with-the-management-of-mr-hakan-ozhuy\/","url":"https:\/\/sepa.org.tr\/en\/sepa-members-decided-to-continue-with-the-management-of-mr-hakan-ozhuy\/","name":"SEPA Members Decided To Continue With The Management of Mr. Hakan \u00d6zhuy - SEPA","isPartOf":{"@id":"https:\/\/sepa.org.tr\/en\/#website"},"primaryImageOfPage":{"@id":"https:\/\/sepa.org.tr\/en\/sepa-members-decided-to-continue-with-the-management-of-mr-hakan-ozhuy\/#primaryimage"},"image":{"@id":"https:\/\/sepa.org.tr\/en\/sepa-members-decided-to-continue-with-the-management-of-mr-hakan-ozhuy\/#primaryimage"},"thumbnailUrl":"https:\/\/sepa.org.tr\/wp-content\/uploads\/2021\/12\/IMG_20211208_123904.jpg","datePublished":"2021-12-09T10:13:39+00:00","dateModified":"2022-03-11T10:14:16+00:00","author":{"@id":"https:\/\/sepa.org.tr\/en\/#\/schema\/person\/c171410bf22a9ed3d0fe3383651658a5"},"description":"SEPA Decided to Continue with Management of Mr. Hakan \u00d6zhuy, the clues of Rigid Plastic Packaging Manufacturers in the new management period","breadcrumb":{"@id":"https:\/\/sepa.org.tr\/en\/sepa-members-decided-to-continue-with-the-management-of-mr-hakan-ozhuy\/#breadcrumb"},"inLanguage":"en-US","potentialAction":[{"@type":"ReadAction","target":["https:\/\/sepa.org.tr\/en\/sepa-members-decided-to-continue-with-the-management-of-mr-hakan-ozhuy\/"]}]},{"@type":"ImageObject","inLanguage":"en-US","@id":"https:\/\/sepa.org.tr\/en\/sepa-members-decided-to-continue-with-the-management-of-mr-hakan-ozhuy\/#primaryimage","url":"https:\/\/sepa.org.tr\/wp-content\/uploads\/2021\/12\/IMG_20211208_123904.jpg","contentUrl":"https:\/\/sepa.org.tr\/wp-content\/uploads\/2021\/12\/IMG_20211208_123904.jpg","width":730,"height":460},{"@type":"BreadcrumbList","@id":"https:\/\/sepa.org.tr\/en\/sepa-members-decided-to-continue-with-the-management-of-mr-hakan-ozhuy\/#breadcrumb","itemListElement":[{"@type":"ListItem","position":1,"name":"Ana sayfa","item":"https:\/\/sepa.org.tr\/en\/"},{"@type":"ListItem","position":2,"name":"SEPA Members Decided To Continue With The Management of Mr. Hakan \u00d6zhuy"}]},{"@type":"WebSite","@id":"https:\/\/sepa.org.tr\/en\/#website","url":"https:\/\/sepa.org.tr\/en\/","name":"SEPA","description":"Sert Plastik Ambalaj Sanayicileri Derne\u011fi","potentialAction":[{"@type":"SearchAction","target":{"@type":"EntryPoint","urlTemplate":"https:\/\/sepa.org.tr\/en\/?s={search_term_string}"},"query-input":{"@type":"PropertyValueSpecification","valueRequired":true,"valueName":"search_term_string"}}],"inLanguage":"en-US"},{"@type":"Person","@id":"https:\/\/sepa.org.tr\/en\/#\/schema\/person\/c171410bf22a9ed3d0fe3383651658a5","name":"SEPA Y\u00d6NET\u0130M","image":{"@type":"ImageObject","inLanguage":"en-US","@id":"https:\/\/secure.gravatar.com\/avatar\/88556778519b99e1ea89da5aafb153432852b64496d84058ffec5192a70f87ef?s=96&d=mm&r=g","url":"https:\/\/secure.gravatar.com\/avatar\/88556778519b99e1ea89da5aafb153432852b64496d84058ffec5192a70f87ef?s=96&d=mm&r=g","contentUrl":"https:\/\/secure.gravatar.com\/avatar\/88556778519b99e1ea89da5aafb153432852b64496d84058ffec5192a70f87ef?s=96&d=mm&r=g","caption":"SEPA Y\u00d6NET\u0130M"}}]}},"_links":{"self":[{"href":"https:\/\/sepa.org.tr\/en\/wp-json\/wp\/v2\/posts\/6391","targetHints":{"allow":["GET"]}}],"collection":[{"href":"https:\/\/sepa.org.tr\/en\/wp-json\/wp\/v2\/posts"}],"about":[{"href":"https:\/\/sepa.org.tr\/en\/wp-json\/wp\/v2\/types\/post"}],"author":[{"embeddable":true,"href":"https:\/\/sepa.org.tr\/en\/wp-json\/wp\/v2\/users\/29"}],"replies":[{"embeddable":true,"href":"https:\/\/sepa.org.tr\/en\/wp-json\/wp\/v2\/comments?post=6391"}],"version-history":[{"count":1,"href":"https:\/\/sepa.org.tr\/en\/wp-json\/wp\/v2\/posts\/6391\/revisions"}],"predecessor-version":[{"id":6392,"href":"https:\/\/sepa.org.tr\/en\/wp-json\/wp\/v2\/posts\/6391\/revisions\/6392"}],"wp:featuredmedia":[{"embeddable":true,"href":"https:\/\/sepa.org.tr\/en\/wp-json\/wp\/v2\/media\/6092"}],"wp:attachment":[{"href":"https:\/\/sepa.org.tr\/en\/wp-json\/wp\/v2\/media?parent=6391"}],"wp:term":[{"taxonomy":"category","embeddable":true,"href":"https:\/\/sepa.org.tr\/en\/wp-json\/wp\/v2\/categories?post=6391"},{"taxonomy":"post_tag","embeddable":true,"href":"https:\/\/sepa.org.tr\/en\/wp-json\/wp\/v2\/tags?post=6391"}],"curies":[{"name":"wp","href":"https:\/\/api.w.org\/{rel}","templated":true}]}}