{"id":4569,"date":"2020-04-28T14:28:36","date_gmt":"2020-04-28T11:28:36","guid":{"rendered":"https:\/\/sepa.org.tr\/?p=4569"},"modified":"2020-12-12T14:36:15","modified_gmt":"2020-12-12T11:36:15","slug":"fair-agenda-2020-and-2021","status":"publish","type":"post","link":"https:\/\/sepa.org.tr\/en\/fair-agenda-2020-and-2021\/","title":{"rendered":"Fair Agenda 2020 and 2021"},"content":{"rendered":"<p>Fair Agenda 2020 and 2021,<\/p>\n<p>Trade Fair Dates is a site with a large knowledge base containing about fairs in all over the world ; hotel information in these regions, allowing filtering on a sector, country, city basis related to fairs, which is one of the most important instruments of the transition to international markets. 2020 \u2013 2021 Trade fair dates, will be a useful resource in determining strategies related to export targets and achieving your goals. tradefairdates.com can be <a href=\"https:\/\/www.tradefairdates.com\/trade-shows-by-sector-of-activity.php\">found at this link<\/a>.<\/p>\n<p>&nbsp;<\/p>\n","protected":false},"excerpt":{"rendered":"<p>Fair Agenda 2020 and 2021, Trade Fair Dates is a site with a large knowledge base containing about fairs in all over the world ; hotel information in these regions, allowing filtering on a sector, country, city basis related to fairs, which is one of the most important instruments of the transition to international markets. [&hellip;]<\/p>\n","protected":false},"author":29,"featured_media":2876,"comment_status":"open","ping_status":"open","sticky":false,"template":"","format":"standard","meta":{"_acf_changed":false,"footnotes":""},"categories":[17,2],"tags":[329,327,326,330,331,332,328],"class_list":["post-4569","post","type-post","status-publish","format-standard","has-post-thumbnail","hentry","category-news","category-uncategorized","tag-ambalaj-en","tag-fair","tag-fair-agenda","tag-plastik-ambalaj-en","tag-sepa-e-bulten-en","tag-sert-plastik-ambalaj-en","tag-trade-map"],"acf":[],"yoast_head":"<!-- This site is optimized with the Yoast SEO plugin v27.5 - https:\/\/yoast.com\/product\/yoast-seo-wordpress\/ -->\n<title>Fair Agenda 2020 and 2021 - SEPA<\/title>\n<meta name=\"description\" content=\"Fair Agenda 2020 and 2021, Trade Fair Dates is a site with a large knowledge base containing about fairs in all over the world\" \/>\n<meta name=\"robots\" content=\"index, follow, max-snippet:-1, max-image-preview:large, max-video-preview:-1\" \/>\n<link rel=\"canonical\" href=\"https:\/\/sepa.org.tr\/en\/fair-agenda-2020-and-2021\/\" \/>\n<meta property=\"og:locale\" content=\"en_US\" \/>\n<meta property=\"og:type\" content=\"article\" \/>\n<meta property=\"og:title\" content=\"Fair Agenda 2020 and 2021 - SEPA\" \/>\n<meta property=\"og:description\" content=\"Fair Agenda 2020 and 2021, Trade Fair Dates is a site with a large knowledge base containing about fairs in all over the world\" \/>\n<meta property=\"og:url\" content=\"https:\/\/sepa.org.tr\/en\/fair-agenda-2020-and-2021\/\" \/>\n<meta property=\"og:site_name\" content=\"SEPA\" \/>\n<meta property=\"article:published_time\" content=\"2020-04-28T11:28:36+00:00\" \/>\n<meta property=\"article:modified_time\" content=\"2020-12-12T11:36:15+00:00\" \/>\n<meta property=\"og:image\" content=\"https:\/\/sepa.org.tr\/wp-content\/uploads\/2020\/04\/fair-1.jpg\" \/>\n\t<meta property=\"og:image:width\" content=\"731\" \/>\n\t<meta property=\"og:image:height\" content=\"450\" \/>\n\t<meta property=\"og:image:type\" content=\"image\/jpeg\" \/>\n<meta name=\"author\" content=\"SEPA Y\u00d6NET\u0130M\" \/>\n<meta name=\"twitter:card\" content=\"summary_large_image\" \/>\n<meta name=\"twitter:label1\" content=\"Written by\" \/>\n\t<meta name=\"twitter:data1\" content=\"SEPA Y\u00d6NET\u0130M\" \/>\n<script type=\"application\/ld+json\" class=\"yoast-schema-graph\">{\"@context\":\"https:\\\/\\\/schema.org\",\"@graph\":[{\"@type\":\"Article\",\"@id\":\"https:\\\/\\\/sepa.org.tr\\\/en\\\/fair-agenda-2020-and-2021\\\/#article\",\"isPartOf\":{\"@id\":\"https:\\\/\\\/sepa.org.tr\\\/en\\\/fair-agenda-2020-and-2021\\\/\"},\"author\":{\"name\":\"SEPA Y\u00d6NET\u0130M\",\"@id\":\"https:\\\/\\\/sepa.org.tr\\\/en\\\/#\\\/schema\\\/person\\\/c171410bf22a9ed3d0fe3383651658a5\"},\"headline\":\"Fair Agenda 2020 and 2021\",\"datePublished\":\"2020-04-28T11:28:36+00:00\",\"dateModified\":\"2020-12-12T11:36:15+00:00\",\"mainEntityOfPage\":{\"@id\":\"https:\\\/\\\/sepa.org.tr\\\/en\\\/fair-agenda-2020-and-2021\\\/\"},\"wordCount\":83,\"commentCount\":0,\"image\":{\"@id\":\"https:\\\/\\\/sepa.org.tr\\\/en\\\/fair-agenda-2020-and-2021\\\/#primaryimage\"},\"thumbnailUrl\":\"https:\\\/\\\/sepa.org.tr\\\/wp-content\\\/uploads\\\/2020\\\/04\\\/fair-1.jpg\",\"keywords\":[\"ambalaj\",\"fair\",\"fair agenda\",\"plastik ambalaj\",\"SEPA e-b\u00fclten\",\"sert plastik ambalaj\",\"trade map\"],\"articleSection\":[\"News\"],\"inLanguage\":\"en-US\",\"potentialAction\":[{\"@type\":\"CommentAction\",\"name\":\"Comment\",\"target\":[\"https:\\\/\\\/sepa.org.tr\\\/en\\\/fair-agenda-2020-and-2021\\\/#respond\"]}]},{\"@type\":\"WebPage\",\"@id\":\"https:\\\/\\\/sepa.org.tr\\\/en\\\/fair-agenda-2020-and-2021\\\/\",\"url\":\"https:\\\/\\\/sepa.org.tr\\\/en\\\/fair-agenda-2020-and-2021\\\/\",\"name\":\"Fair Agenda 2020 and 2021 - SEPA\",\"isPartOf\":{\"@id\":\"https:\\\/\\\/sepa.org.tr\\\/en\\\/#website\"},\"primaryImageOfPage\":{\"@id\":\"https:\\\/\\\/sepa.org.tr\\\/en\\\/fair-agenda-2020-and-2021\\\/#primaryimage\"},\"image\":{\"@id\":\"https:\\\/\\\/sepa.org.tr\\\/en\\\/fair-agenda-2020-and-2021\\\/#primaryimage\"},\"thumbnailUrl\":\"https:\\\/\\\/sepa.org.tr\\\/wp-content\\\/uploads\\\/2020\\\/04\\\/fair-1.jpg\",\"datePublished\":\"2020-04-28T11:28:36+00:00\",\"dateModified\":\"2020-12-12T11:36:15+00:00\",\"author\":{\"@id\":\"https:\\\/\\\/sepa.org.tr\\\/en\\\/#\\\/schema\\\/person\\\/c171410bf22a9ed3d0fe3383651658a5\"},\"description\":\"Fair Agenda 2020 and 2021, Trade Fair Dates is a site with a large knowledge base containing about fairs in all over the world\",\"breadcrumb\":{\"@id\":\"https:\\\/\\\/sepa.org.tr\\\/en\\\/fair-agenda-2020-and-2021\\\/#breadcrumb\"},\"inLanguage\":\"en-US\",\"potentialAction\":[{\"@type\":\"ReadAction\",\"target\":[\"https:\\\/\\\/sepa.org.tr\\\/en\\\/fair-agenda-2020-and-2021\\\/\"]}]},{\"@type\":\"ImageObject\",\"inLanguage\":\"en-US\",\"@id\":\"https:\\\/\\\/sepa.org.tr\\\/en\\\/fair-agenda-2020-and-2021\\\/#primaryimage\",\"url\":\"https:\\\/\\\/sepa.org.tr\\\/wp-content\\\/uploads\\\/2020\\\/04\\\/fair-1.jpg\",\"contentUrl\":\"https:\\\/\\\/sepa.org.tr\\\/wp-content\\\/uploads\\\/2020\\\/04\\\/fair-1.jpg\",\"width\":731,\"height\":450,\"caption\":\"Fair Agenda 2020 and 2021\"},{\"@type\":\"BreadcrumbList\",\"@id\":\"https:\\\/\\\/sepa.org.tr\\\/en\\\/fair-agenda-2020-and-2021\\\/#breadcrumb\",\"itemListElement\":[{\"@type\":\"ListItem\",\"position\":1,\"name\":\"Ana sayfa\",\"item\":\"https:\\\/\\\/sepa.org.tr\\\/en\\\/\"},{\"@type\":\"ListItem\",\"position\":2,\"name\":\"Fair Agenda 2020 and 2021\"}]},{\"@type\":\"WebSite\",\"@id\":\"https:\\\/\\\/sepa.org.tr\\\/en\\\/#website\",\"url\":\"https:\\\/\\\/sepa.org.tr\\\/en\\\/\",\"name\":\"SEPA\",\"description\":\"Sert Plastik Ambalaj Sanayicileri Derne\u011fi\",\"potentialAction\":[{\"@type\":\"SearchAction\",\"target\":{\"@type\":\"EntryPoint\",\"urlTemplate\":\"https:\\\/\\\/sepa.org.tr\\\/en\\\/?s={search_term_string}\"},\"query-input\":{\"@type\":\"PropertyValueSpecification\",\"valueRequired\":true,\"valueName\":\"search_term_string\"}}],\"inLanguage\":\"en-US\"},{\"@type\":\"Person\",\"@id\":\"https:\\\/\\\/sepa.org.tr\\\/en\\\/#\\\/schema\\\/person\\\/c171410bf22a9ed3d0fe3383651658a5\",\"name\":\"SEPA Y\u00d6NET\u0130M\",\"image\":{\"@type\":\"ImageObject\",\"inLanguage\":\"en-US\",\"@id\":\"https:\\\/\\\/secure.gravatar.com\\\/avatar\\\/88556778519b99e1ea89da5aafb153432852b64496d84058ffec5192a70f87ef?s=96&d=mm&r=g\",\"url\":\"https:\\\/\\\/secure.gravatar.com\\\/avatar\\\/88556778519b99e1ea89da5aafb153432852b64496d84058ffec5192a70f87ef?s=96&d=mm&r=g\",\"contentUrl\":\"https:\\\/\\\/secure.gravatar.com\\\/avatar\\\/88556778519b99e1ea89da5aafb153432852b64496d84058ffec5192a70f87ef?s=96&d=mm&r=g\",\"caption\":\"SEPA Y\u00d6NET\u0130M\"}}]}<\/script>\n<!-- \/ Yoast SEO plugin. -->","yoast_head_json":{"title":"Fair Agenda 2020 and 2021 - SEPA","description":"Fair Agenda 2020 and 2021, Trade Fair Dates is a site with a large knowledge base containing about fairs in all over the world","robots":{"index":"index","follow":"follow","max-snippet":"max-snippet:-1","max-image-preview":"max-image-preview:large","max-video-preview":"max-video-preview:-1"},"canonical":"https:\/\/sepa.org.tr\/en\/fair-agenda-2020-and-2021\/","og_locale":"en_US","og_type":"article","og_title":"Fair Agenda 2020 and 2021 - SEPA","og_description":"Fair Agenda 2020 and 2021, Trade Fair Dates is a site with a large knowledge base containing about fairs in all over the world","og_url":"https:\/\/sepa.org.tr\/en\/fair-agenda-2020-and-2021\/","og_site_name":"SEPA","article_published_time":"2020-04-28T11:28:36+00:00","article_modified_time":"2020-12-12T11:36:15+00:00","og_image":[{"width":731,"height":450,"url":"https:\/\/sepa.org.tr\/wp-content\/uploads\/2020\/04\/fair-1.jpg","type":"image\/jpeg"}],"author":"SEPA Y\u00d6NET\u0130M","twitter_card":"summary_large_image","twitter_misc":{"Written by":"SEPA Y\u00d6NET\u0130M"},"schema":{"@context":"https:\/\/schema.org","@graph":[{"@type":"Article","@id":"https:\/\/sepa.org.tr\/en\/fair-agenda-2020-and-2021\/#article","isPartOf":{"@id":"https:\/\/sepa.org.tr\/en\/fair-agenda-2020-and-2021\/"},"author":{"name":"SEPA Y\u00d6NET\u0130M","@id":"https:\/\/sepa.org.tr\/en\/#\/schema\/person\/c171410bf22a9ed3d0fe3383651658a5"},"headline":"Fair Agenda 2020 and 2021","datePublished":"2020-04-28T11:28:36+00:00","dateModified":"2020-12-12T11:36:15+00:00","mainEntityOfPage":{"@id":"https:\/\/sepa.org.tr\/en\/fair-agenda-2020-and-2021\/"},"wordCount":83,"commentCount":0,"image":{"@id":"https:\/\/sepa.org.tr\/en\/fair-agenda-2020-and-2021\/#primaryimage"},"thumbnailUrl":"https:\/\/sepa.org.tr\/wp-content\/uploads\/2020\/04\/fair-1.jpg","keywords":["ambalaj","fair","fair agenda","plastik ambalaj","SEPA e-b\u00fclten","sert plastik ambalaj","trade map"],"articleSection":["News"],"inLanguage":"en-US","potentialAction":[{"@type":"CommentAction","name":"Comment","target":["https:\/\/sepa.org.tr\/en\/fair-agenda-2020-and-2021\/#respond"]}]},{"@type":"WebPage","@id":"https:\/\/sepa.org.tr\/en\/fair-agenda-2020-and-2021\/","url":"https:\/\/sepa.org.tr\/en\/fair-agenda-2020-and-2021\/","name":"Fair Agenda 2020 and 2021 - SEPA","isPartOf":{"@id":"https:\/\/sepa.org.tr\/en\/#website"},"primaryImageOfPage":{"@id":"https:\/\/sepa.org.tr\/en\/fair-agenda-2020-and-2021\/#primaryimage"},"image":{"@id":"https:\/\/sepa.org.tr\/en\/fair-agenda-2020-and-2021\/#primaryimage"},"thumbnailUrl":"https:\/\/sepa.org.tr\/wp-content\/uploads\/2020\/04\/fair-1.jpg","datePublished":"2020-04-28T11:28:36+00:00","dateModified":"2020-12-12T11:36:15+00:00","author":{"@id":"https:\/\/sepa.org.tr\/en\/#\/schema\/person\/c171410bf22a9ed3d0fe3383651658a5"},"description":"Fair Agenda 2020 and 2021, Trade Fair Dates is a site with a large knowledge base containing about fairs in all over the world","breadcrumb":{"@id":"https:\/\/sepa.org.tr\/en\/fair-agenda-2020-and-2021\/#breadcrumb"},"inLanguage":"en-US","potentialAction":[{"@type":"ReadAction","target":["https:\/\/sepa.org.tr\/en\/fair-agenda-2020-and-2021\/"]}]},{"@type":"ImageObject","inLanguage":"en-US","@id":"https:\/\/sepa.org.tr\/en\/fair-agenda-2020-and-2021\/#primaryimage","url":"https:\/\/sepa.org.tr\/wp-content\/uploads\/2020\/04\/fair-1.jpg","contentUrl":"https:\/\/sepa.org.tr\/wp-content\/uploads\/2020\/04\/fair-1.jpg","width":731,"height":450,"caption":"Fair Agenda 2020 and 2021"},{"@type":"BreadcrumbList","@id":"https:\/\/sepa.org.tr\/en\/fair-agenda-2020-and-2021\/#breadcrumb","itemListElement":[{"@type":"ListItem","position":1,"name":"Ana sayfa","item":"https:\/\/sepa.org.tr\/en\/"},{"@type":"ListItem","position":2,"name":"Fair Agenda 2020 and 2021"}]},{"@type":"WebSite","@id":"https:\/\/sepa.org.tr\/en\/#website","url":"https:\/\/sepa.org.tr\/en\/","name":"SEPA","description":"Sert Plastik Ambalaj Sanayicileri Derne\u011fi","potentialAction":[{"@type":"SearchAction","target":{"@type":"EntryPoint","urlTemplate":"https:\/\/sepa.org.tr\/en\/?s={search_term_string}"},"query-input":{"@type":"PropertyValueSpecification","valueRequired":true,"valueName":"search_term_string"}}],"inLanguage":"en-US"},{"@type":"Person","@id":"https:\/\/sepa.org.tr\/en\/#\/schema\/person\/c171410bf22a9ed3d0fe3383651658a5","name":"SEPA Y\u00d6NET\u0130M","image":{"@type":"ImageObject","inLanguage":"en-US","@id":"https:\/\/secure.gravatar.com\/avatar\/88556778519b99e1ea89da5aafb153432852b64496d84058ffec5192a70f87ef?s=96&d=mm&r=g","url":"https:\/\/secure.gravatar.com\/avatar\/88556778519b99e1ea89da5aafb153432852b64496d84058ffec5192a70f87ef?s=96&d=mm&r=g","contentUrl":"https:\/\/secure.gravatar.com\/avatar\/88556778519b99e1ea89da5aafb153432852b64496d84058ffec5192a70f87ef?s=96&d=mm&r=g","caption":"SEPA Y\u00d6NET\u0130M"}}]}},"_links":{"self":[{"href":"https:\/\/sepa.org.tr\/en\/wp-json\/wp\/v2\/posts\/4569","targetHints":{"allow":["GET"]}}],"collection":[{"href":"https:\/\/sepa.org.tr\/en\/wp-json\/wp\/v2\/posts"}],"about":[{"href":"https:\/\/sepa.org.tr\/en\/wp-json\/wp\/v2\/types\/post"}],"author":[{"embeddable":true,"href":"https:\/\/sepa.org.tr\/en\/wp-json\/wp\/v2\/users\/29"}],"replies":[{"embeddable":true,"href":"https:\/\/sepa.org.tr\/en\/wp-json\/wp\/v2\/comments?post=4569"}],"version-history":[{"count":1,"href":"https:\/\/sepa.org.tr\/en\/wp-json\/wp\/v2\/posts\/4569\/revisions"}],"predecessor-version":[{"id":4593,"href":"https:\/\/sepa.org.tr\/en\/wp-json\/wp\/v2\/posts\/4569\/revisions\/4593"}],"wp:featuredmedia":[{"embeddable":true,"href":"https:\/\/sepa.org.tr\/en\/wp-json\/wp\/v2\/media\/2876"}],"wp:attachment":[{"href":"https:\/\/sepa.org.tr\/en\/wp-json\/wp\/v2\/media?parent=4569"}],"wp:term":[{"taxonomy":"category","embeddable":true,"href":"https:\/\/sepa.org.tr\/en\/wp-json\/wp\/v2\/categories?post=4569"},{"taxonomy":"post_tag","embeddable":true,"href":"https:\/\/sepa.org.tr\/en\/wp-json\/wp\/v2\/tags?post=4569"}],"curies":[{"name":"wp","href":"https:\/\/api.w.org\/{rel}","templated":true}]}}