{"id":2269,"date":"2020-03-24T16:29:24","date_gmt":"2020-03-24T13:29:24","guid":{"rendered":"https:\/\/sepa.org.tr\/?p=2269"},"modified":"2020-03-25T17:35:59","modified_gmt":"2020-03-25T14:35:59","slug":"pagcev","status":"publish","type":"post","link":"https:\/\/sepa.org.tr\/en\/pagcev\/","title":{"rendered":"PAG\u00c7EV,  Recycling Economic Entity of PAGEV"},"content":{"rendered":"<p><strong>PAG\u00c7EV<\/strong><\/p>\n<p><span style=\"font-family: georgia,palatino,serif\"><span style=\"background: white;color: black;font-size: 12pt\">As the recycling commercial enterprice of PAGEV, PAG\u00c7EV is a non-profit organisation that collects packaging wastes separately at the source and manages the recycling organisation. It is titled by the Ministry of Environment and Urbanization as the \u201cCompliance Scheme\u201d for recycling of all types of packaging waste on January 3, 2014.<\/span><\/span><\/p>\n<p><span style=\"font-family: georgia,palatino,serif\"><span style=\"background: white;color: black;font-size: 12pt\">PAG\u00c7EV undertakes recycling and certification in the name of firms that release their products tothe domestic market, cooperates with local authorities to recycle and collect packaging wastes separately at the source. It provides training on zero waste and packaging wastes and recycling, is engaged in consciousness-raising activities, maintains campaigns that promote recycling and prepares informative public service ads.<\/span><\/span><b><\/b><\/p>\n<h4>PAG\u00c7EV<\/h4>\n<p>T. +90 212 425 13 13<\/p>\n<p>T. +90 212 425 13 14<\/p>\n<p><a>pagcev@pagcev.org<\/a><\/p>\n<p><a href=\"http:\/\/www.pagcev.org\/\">www.pagcev.org<\/a><\/p>\n","protected":false},"excerpt":{"rendered":"<p>PAG\u00c7EV As the recycling commercial enterprice of PAGEV, PAG\u00c7EV is a non-profit organisation that collects packaging wastes separately at the source and manages the recycling organisation. It is titled by the Ministry of Environment and Urbanization as the \u201cCompliance Scheme\u201d for recycling of all types of packaging waste on January 3, 2014. PAG\u00c7EV undertakes recycling [&hellip;]<\/p>\n","protected":false},"author":29,"featured_media":2277,"comment_status":"open","ping_status":"open","sticky":false,"template":"","format":"standard","meta":{"_acf_changed":false,"footnotes":""},"categories":[21],"tags":[66],"class_list":["post-2269","post","type-post","status-publish","format-standard","has-post-thumbnail","hentry","category-other-associations","tag-pagcev-en"],"acf":[],"yoast_head":"<!-- This site is optimized with the Yoast SEO plugin v27.5 - https:\/\/yoast.com\/product\/yoast-seo-wordpress\/ -->\n<title>PAG\u00c7EV, Recycling Economic Entity of PAGEV - SEPA<\/title>\n<meta name=\"robots\" content=\"index, follow, max-snippet:-1, max-image-preview:large, max-video-preview:-1\" \/>\n<link rel=\"canonical\" href=\"https:\/\/sepa.org.tr\/en\/pagcev\/\" \/>\n<meta property=\"og:locale\" content=\"en_US\" \/>\n<meta property=\"og:type\" content=\"article\" \/>\n<meta property=\"og:title\" content=\"PAG\u00c7EV, Recycling Economic Entity of PAGEV - SEPA\" \/>\n<meta property=\"og:description\" content=\"PAG\u00c7EV As the recycling commercial enterprice of PAGEV, PAG\u00c7EV is a non-profit organisation that collects packaging wastes separately at the source and manages the recycling organisation. It is titled by the Ministry of Environment and Urbanization as the \u201cCompliance Scheme\u201d for recycling of all types of packaging waste on January 3, 2014. PAG\u00c7EV undertakes recycling [&hellip;]\" \/>\n<meta property=\"og:url\" content=\"https:\/\/sepa.org.tr\/en\/pagcev\/\" \/>\n<meta property=\"og:site_name\" content=\"SEPA\" \/>\n<meta property=\"article:published_time\" content=\"2020-03-24T13:29:24+00:00\" \/>\n<meta property=\"article:modified_time\" content=\"2020-03-25T14:35:59+00:00\" \/>\n<meta property=\"og:image\" content=\"https:\/\/sepa.org.tr\/wp-content\/uploads\/2020\/03\/pagcev.png\" \/>\n\t<meta property=\"og:image:width\" content=\"730\" \/>\n\t<meta property=\"og:image:height\" content=\"450\" \/>\n\t<meta property=\"og:image:type\" content=\"image\/png\" \/>\n<meta name=\"author\" content=\"SEPA Y\u00d6NET\u0130M\" \/>\n<meta name=\"twitter:card\" content=\"summary_large_image\" \/>\n<meta name=\"twitter:label1\" content=\"Written by\" \/>\n\t<meta name=\"twitter:data1\" content=\"SEPA Y\u00d6NET\u0130M\" \/>\n\t<meta name=\"twitter:label2\" content=\"Est. reading time\" \/>\n\t<meta name=\"twitter:data2\" content=\"1 minute\" \/>\n<script type=\"application\/ld+json\" class=\"yoast-schema-graph\">{\"@context\":\"https:\\\/\\\/schema.org\",\"@graph\":[{\"@type\":\"Article\",\"@id\":\"https:\\\/\\\/sepa.org.tr\\\/en\\\/pagcev\\\/#article\",\"isPartOf\":{\"@id\":\"https:\\\/\\\/sepa.org.tr\\\/en\\\/pagcev\\\/\"},\"author\":{\"name\":\"SEPA Y\u00d6NET\u0130M\",\"@id\":\"https:\\\/\\\/sepa.org.tr\\\/en\\\/#\\\/schema\\\/person\\\/c171410bf22a9ed3d0fe3383651658a5\"},\"headline\":\"PAG\u00c7EV, Recycling Economic Entity of PAGEV\",\"datePublished\":\"2020-03-24T13:29:24+00:00\",\"dateModified\":\"2020-03-25T14:35:59+00:00\",\"mainEntityOfPage\":{\"@id\":\"https:\\\/\\\/sepa.org.tr\\\/en\\\/pagcev\\\/\"},\"wordCount\":128,\"commentCount\":0,\"image\":{\"@id\":\"https:\\\/\\\/sepa.org.tr\\\/en\\\/pagcev\\\/#primaryimage\"},\"thumbnailUrl\":\"https:\\\/\\\/sepa.org.tr\\\/wp-content\\\/uploads\\\/2020\\\/03\\\/pagcev.png\",\"keywords\":[\"PAG\u00c7EV\"],\"articleSection\":[\"Other Associations\"],\"inLanguage\":\"en-US\",\"potentialAction\":[{\"@type\":\"CommentAction\",\"name\":\"Comment\",\"target\":[\"https:\\\/\\\/sepa.org.tr\\\/en\\\/pagcev\\\/#respond\"]}]},{\"@type\":\"WebPage\",\"@id\":\"https:\\\/\\\/sepa.org.tr\\\/en\\\/pagcev\\\/\",\"url\":\"https:\\\/\\\/sepa.org.tr\\\/en\\\/pagcev\\\/\",\"name\":\"PAG\u00c7EV, Recycling Economic Entity of PAGEV - SEPA\",\"isPartOf\":{\"@id\":\"https:\\\/\\\/sepa.org.tr\\\/en\\\/#website\"},\"primaryImageOfPage\":{\"@id\":\"https:\\\/\\\/sepa.org.tr\\\/en\\\/pagcev\\\/#primaryimage\"},\"image\":{\"@id\":\"https:\\\/\\\/sepa.org.tr\\\/en\\\/pagcev\\\/#primaryimage\"},\"thumbnailUrl\":\"https:\\\/\\\/sepa.org.tr\\\/wp-content\\\/uploads\\\/2020\\\/03\\\/pagcev.png\",\"datePublished\":\"2020-03-24T13:29:24+00:00\",\"dateModified\":\"2020-03-25T14:35:59+00:00\",\"author\":{\"@id\":\"https:\\\/\\\/sepa.org.tr\\\/en\\\/#\\\/schema\\\/person\\\/c171410bf22a9ed3d0fe3383651658a5\"},\"breadcrumb\":{\"@id\":\"https:\\\/\\\/sepa.org.tr\\\/en\\\/pagcev\\\/#breadcrumb\"},\"inLanguage\":\"en-US\",\"potentialAction\":[{\"@type\":\"ReadAction\",\"target\":[\"https:\\\/\\\/sepa.org.tr\\\/en\\\/pagcev\\\/\"]}]},{\"@type\":\"ImageObject\",\"inLanguage\":\"en-US\",\"@id\":\"https:\\\/\\\/sepa.org.tr\\\/en\\\/pagcev\\\/#primaryimage\",\"url\":\"https:\\\/\\\/sepa.org.tr\\\/wp-content\\\/uploads\\\/2020\\\/03\\\/pagcev.png\",\"contentUrl\":\"https:\\\/\\\/sepa.org.tr\\\/wp-content\\\/uploads\\\/2020\\\/03\\\/pagcev.png\",\"width\":730,\"height\":450},{\"@type\":\"BreadcrumbList\",\"@id\":\"https:\\\/\\\/sepa.org.tr\\\/en\\\/pagcev\\\/#breadcrumb\",\"itemListElement\":[{\"@type\":\"ListItem\",\"position\":1,\"name\":\"Ana sayfa\",\"item\":\"https:\\\/\\\/sepa.org.tr\\\/en\\\/\"},{\"@type\":\"ListItem\",\"position\":2,\"name\":\"PAG\u00c7EV, Recycling Economic Entity of PAGEV\"}]},{\"@type\":\"WebSite\",\"@id\":\"https:\\\/\\\/sepa.org.tr\\\/en\\\/#website\",\"url\":\"https:\\\/\\\/sepa.org.tr\\\/en\\\/\",\"name\":\"SEPA\",\"description\":\"Sert Plastik Ambalaj Sanayicileri Derne\u011fi\",\"potentialAction\":[{\"@type\":\"SearchAction\",\"target\":{\"@type\":\"EntryPoint\",\"urlTemplate\":\"https:\\\/\\\/sepa.org.tr\\\/en\\\/?s={search_term_string}\"},\"query-input\":{\"@type\":\"PropertyValueSpecification\",\"valueRequired\":true,\"valueName\":\"search_term_string\"}}],\"inLanguage\":\"en-US\"},{\"@type\":\"Person\",\"@id\":\"https:\\\/\\\/sepa.org.tr\\\/en\\\/#\\\/schema\\\/person\\\/c171410bf22a9ed3d0fe3383651658a5\",\"name\":\"SEPA Y\u00d6NET\u0130M\",\"image\":{\"@type\":\"ImageObject\",\"inLanguage\":\"en-US\",\"@id\":\"https:\\\/\\\/secure.gravatar.com\\\/avatar\\\/88556778519b99e1ea89da5aafb153432852b64496d84058ffec5192a70f87ef?s=96&d=mm&r=g\",\"url\":\"https:\\\/\\\/secure.gravatar.com\\\/avatar\\\/88556778519b99e1ea89da5aafb153432852b64496d84058ffec5192a70f87ef?s=96&d=mm&r=g\",\"contentUrl\":\"https:\\\/\\\/secure.gravatar.com\\\/avatar\\\/88556778519b99e1ea89da5aafb153432852b64496d84058ffec5192a70f87ef?s=96&d=mm&r=g\",\"caption\":\"SEPA Y\u00d6NET\u0130M\"}}]}<\/script>\n<!-- \/ Yoast SEO plugin. -->","yoast_head_json":{"title":"PAG\u00c7EV, Recycling Economic Entity of PAGEV - SEPA","robots":{"index":"index","follow":"follow","max-snippet":"max-snippet:-1","max-image-preview":"max-image-preview:large","max-video-preview":"max-video-preview:-1"},"canonical":"https:\/\/sepa.org.tr\/en\/pagcev\/","og_locale":"en_US","og_type":"article","og_title":"PAG\u00c7EV, Recycling Economic Entity of PAGEV - SEPA","og_description":"PAG\u00c7EV As the recycling commercial enterprice of PAGEV, PAG\u00c7EV is a non-profit organisation that collects packaging wastes separately at the source and manages the recycling organisation. It is titled by the Ministry of Environment and Urbanization as the \u201cCompliance Scheme\u201d for recycling of all types of packaging waste on January 3, 2014. PAG\u00c7EV undertakes recycling [&hellip;]","og_url":"https:\/\/sepa.org.tr\/en\/pagcev\/","og_site_name":"SEPA","article_published_time":"2020-03-24T13:29:24+00:00","article_modified_time":"2020-03-25T14:35:59+00:00","og_image":[{"width":730,"height":450,"url":"https:\/\/sepa.org.tr\/wp-content\/uploads\/2020\/03\/pagcev.png","type":"image\/png"}],"author":"SEPA Y\u00d6NET\u0130M","twitter_card":"summary_large_image","twitter_misc":{"Written by":"SEPA Y\u00d6NET\u0130M","Est. reading time":"1 minute"},"schema":{"@context":"https:\/\/schema.org","@graph":[{"@type":"Article","@id":"https:\/\/sepa.org.tr\/en\/pagcev\/#article","isPartOf":{"@id":"https:\/\/sepa.org.tr\/en\/pagcev\/"},"author":{"name":"SEPA Y\u00d6NET\u0130M","@id":"https:\/\/sepa.org.tr\/en\/#\/schema\/person\/c171410bf22a9ed3d0fe3383651658a5"},"headline":"PAG\u00c7EV, Recycling Economic Entity of PAGEV","datePublished":"2020-03-24T13:29:24+00:00","dateModified":"2020-03-25T14:35:59+00:00","mainEntityOfPage":{"@id":"https:\/\/sepa.org.tr\/en\/pagcev\/"},"wordCount":128,"commentCount":0,"image":{"@id":"https:\/\/sepa.org.tr\/en\/pagcev\/#primaryimage"},"thumbnailUrl":"https:\/\/sepa.org.tr\/wp-content\/uploads\/2020\/03\/pagcev.png","keywords":["PAG\u00c7EV"],"articleSection":["Other Associations"],"inLanguage":"en-US","potentialAction":[{"@type":"CommentAction","name":"Comment","target":["https:\/\/sepa.org.tr\/en\/pagcev\/#respond"]}]},{"@type":"WebPage","@id":"https:\/\/sepa.org.tr\/en\/pagcev\/","url":"https:\/\/sepa.org.tr\/en\/pagcev\/","name":"PAG\u00c7EV, Recycling Economic Entity of PAGEV - SEPA","isPartOf":{"@id":"https:\/\/sepa.org.tr\/en\/#website"},"primaryImageOfPage":{"@id":"https:\/\/sepa.org.tr\/en\/pagcev\/#primaryimage"},"image":{"@id":"https:\/\/sepa.org.tr\/en\/pagcev\/#primaryimage"},"thumbnailUrl":"https:\/\/sepa.org.tr\/wp-content\/uploads\/2020\/03\/pagcev.png","datePublished":"2020-03-24T13:29:24+00:00","dateModified":"2020-03-25T14:35:59+00:00","author":{"@id":"https:\/\/sepa.org.tr\/en\/#\/schema\/person\/c171410bf22a9ed3d0fe3383651658a5"},"breadcrumb":{"@id":"https:\/\/sepa.org.tr\/en\/pagcev\/#breadcrumb"},"inLanguage":"en-US","potentialAction":[{"@type":"ReadAction","target":["https:\/\/sepa.org.tr\/en\/pagcev\/"]}]},{"@type":"ImageObject","inLanguage":"en-US","@id":"https:\/\/sepa.org.tr\/en\/pagcev\/#primaryimage","url":"https:\/\/sepa.org.tr\/wp-content\/uploads\/2020\/03\/pagcev.png","contentUrl":"https:\/\/sepa.org.tr\/wp-content\/uploads\/2020\/03\/pagcev.png","width":730,"height":450},{"@type":"BreadcrumbList","@id":"https:\/\/sepa.org.tr\/en\/pagcev\/#breadcrumb","itemListElement":[{"@type":"ListItem","position":1,"name":"Ana sayfa","item":"https:\/\/sepa.org.tr\/en\/"},{"@type":"ListItem","position":2,"name":"PAG\u00c7EV, Recycling Economic Entity of PAGEV"}]},{"@type":"WebSite","@id":"https:\/\/sepa.org.tr\/en\/#website","url":"https:\/\/sepa.org.tr\/en\/","name":"SEPA","description":"Sert Plastik Ambalaj Sanayicileri Derne\u011fi","potentialAction":[{"@type":"SearchAction","target":{"@type":"EntryPoint","urlTemplate":"https:\/\/sepa.org.tr\/en\/?s={search_term_string}"},"query-input":{"@type":"PropertyValueSpecification","valueRequired":true,"valueName":"search_term_string"}}],"inLanguage":"en-US"},{"@type":"Person","@id":"https:\/\/sepa.org.tr\/en\/#\/schema\/person\/c171410bf22a9ed3d0fe3383651658a5","name":"SEPA Y\u00d6NET\u0130M","image":{"@type":"ImageObject","inLanguage":"en-US","@id":"https:\/\/secure.gravatar.com\/avatar\/88556778519b99e1ea89da5aafb153432852b64496d84058ffec5192a70f87ef?s=96&d=mm&r=g","url":"https:\/\/secure.gravatar.com\/avatar\/88556778519b99e1ea89da5aafb153432852b64496d84058ffec5192a70f87ef?s=96&d=mm&r=g","contentUrl":"https:\/\/secure.gravatar.com\/avatar\/88556778519b99e1ea89da5aafb153432852b64496d84058ffec5192a70f87ef?s=96&d=mm&r=g","caption":"SEPA Y\u00d6NET\u0130M"}}]}},"_links":{"self":[{"href":"https:\/\/sepa.org.tr\/en\/wp-json\/wp\/v2\/posts\/2269","targetHints":{"allow":["GET"]}}],"collection":[{"href":"https:\/\/sepa.org.tr\/en\/wp-json\/wp\/v2\/posts"}],"about":[{"href":"https:\/\/sepa.org.tr\/en\/wp-json\/wp\/v2\/types\/post"}],"author":[{"embeddable":true,"href":"https:\/\/sepa.org.tr\/en\/wp-json\/wp\/v2\/users\/29"}],"replies":[{"embeddable":true,"href":"https:\/\/sepa.org.tr\/en\/wp-json\/wp\/v2\/comments?post=2269"}],"version-history":[{"count":8,"href":"https:\/\/sepa.org.tr\/en\/wp-json\/wp\/v2\/posts\/2269\/revisions"}],"predecessor-version":[{"id":2371,"href":"https:\/\/sepa.org.tr\/en\/wp-json\/wp\/v2\/posts\/2269\/revisions\/2371"}],"wp:featuredmedia":[{"embeddable":true,"href":"https:\/\/sepa.org.tr\/en\/wp-json\/wp\/v2\/media\/2277"}],"wp:attachment":[{"href":"https:\/\/sepa.org.tr\/en\/wp-json\/wp\/v2\/media?parent=2269"}],"wp:term":[{"taxonomy":"category","embeddable":true,"href":"https:\/\/sepa.org.tr\/en\/wp-json\/wp\/v2\/categories?post=2269"},{"taxonomy":"post_tag","embeddable":true,"href":"https:\/\/sepa.org.tr\/en\/wp-json\/wp\/v2\/tags?post=2269"}],"curies":[{"name":"wp","href":"https:\/\/api.w.org\/{rel}","templated":true}]}}